{"id":934,"date":"2025-05-12T20:07:26","date_gmt":"2025-05-12T20:07:26","guid":{"rendered":"https:\/\/oevp-wies.at\/?p=934"},"modified":"2025-05-12T20:07:26","modified_gmt":"2025-05-12T20:07:26","slug":"konstituierenden-sitzung-des-gemeinderates","status":"publish","type":"post","link":"https:\/\/oevp-wies.at\/?p=934","title":{"rendered":"Konstituierenden Sitzung des Gemeinderates"},"content":{"rendered":"<p>Bei der konstituierenden Sitzung des Gemeinderates der Marktgemeinde Wies wurde ich mit 100 Prozent zur 2. Vizeb\u00fcrgermeisterin wiedergew\u00e4hlt.<br \/>\nIch bedanke mich sehr herzlich bei allen im Gemeinderat vertretenen Fraktionen f\u00fcr das Vertrauen und freue mich auf eine gute Zusammenarbeit in den n\u00e4chsten 5 Jahren.<br \/>\nMit voller Kraft werden wir unsere bisherige Arbeit fortsetzen und uns weiterhin f\u00fcr die Anliegen unserer B\u00fcrgerinnen und B\u00fcrger einsetzen.\ud83d\udc9a\ud83d\ude0a<\/p>\n<p>Vzbgm.in Theresia Koch<br \/>\nOPO \u00d6VP Wies<br \/>\nUnterfresen 123<br \/>\n8541 Wies<br \/>\nTel.: 0664\/5159121 bzw. 03467\/7752<br \/>\nEmail: <a href=\"mailto:koch.theresia@gmx.at\">koch.theresia@gmx.at<\/a><\/p>\n<div id='gallery-1' class='gallery galleryid-934 gallery-columns-3 gallery-size-thumbnail'><dl class='gallery-item'>\n\t\t\t<dt class='gallery-icon landscape'>\n\t\t\t\t<a href='https:\/\/oevp-wies.at\/?attachment_id=936'><img loading=\"lazy\" decoding=\"async\" width=\"150\" height=\"150\" src=\"https:\/\/oevp-wies.at\/wp-content\/uploads\/2025\/05\/01-GR-Wies-2025-150x150.jpg\" class=\"attachment-thumbnail size-thumbnail\" alt=\"\" \/><\/a>\n\t\t\t<\/dt><\/dl><dl class='gallery-item'>\n\t\t\t<dt class='gallery-icon landscape'>\n\t\t\t\t<a href='https:\/\/oevp-wies.at\/?attachment_id=937'><img loading=\"lazy\" decoding=\"async\" width=\"150\" height=\"150\" src=\"https:\/\/oevp-wies.at\/wp-content\/uploads\/2025\/05\/02-GR-Wies-2025-150x150.jpg\" class=\"attachment-thumbnail size-thumbnail\" alt=\"\" \/><\/a>\n\t\t\t<\/dt><\/dl><dl class='gallery-item'>\n\t\t\t<dt class='gallery-icon landscape'>\n\t\t\t\t<a href='https:\/\/oevp-wies.at\/?attachment_id=938'><img loading=\"lazy\" decoding=\"async\" width=\"150\" height=\"150\" src=\"https:\/\/oevp-wies.at\/wp-content\/uploads\/2025\/05\/03-GR-Wies-2025-150x150.jpg\" class=\"attachment-thumbnail size-thumbnail\" alt=\"\" \/><\/a>\n\t\t\t<\/dt><\/dl><br style=\"clear: both\" \/><dl class='gallery-item'>\n\t\t\t<dt class='gallery-icon landscape'>\n\t\t\t\t<a href='https:\/\/oevp-wies.at\/?attachment_id=939'><img loading=\"lazy\" decoding=\"async\" width=\"150\" height=\"150\" src=\"https:\/\/oevp-wies.at\/wp-content\/uploads\/2025\/05\/04-GR-Wies-2025-150x150.jpg\" class=\"attachment-thumbnail size-thumbnail\" alt=\"\" \/><\/a>\n\t\t\t<\/dt><\/dl><dl class='gallery-item'>\n\t\t\t<dt class='gallery-icon landscape'>\n\t\t\t\t<a href='https:\/\/oevp-wies.at\/?attachment_id=940'><img loading=\"lazy\" decoding=\"async\" width=\"150\" height=\"150\" src=\"https:\/\/oevp-wies.at\/wp-content\/uploads\/2025\/05\/05-GR-Wies-2025-150x150.jpg\" class=\"attachment-thumbnail size-thumbnail\" alt=\"\" \/><\/a>\n\t\t\t<\/dt><\/dl><dl class='gallery-item'>\n\t\t\t<dt class='gallery-icon portrait'>\n\t\t\t\t<a href='https:\/\/oevp-wies.at\/?attachment_id=941'><img loading=\"lazy\" decoding=\"async\" width=\"150\" height=\"150\" src=\"https:\/\/oevp-wies.at\/wp-content\/uploads\/2025\/05\/06-GR-Wies-2025-150x150.jpg\" class=\"attachment-thumbnail size-thumbnail\" alt=\"\" \/><\/a>\n\t\t\t<\/dt><\/dl><br style=\"clear: both\" \/>\n\t\t<\/div>\n\n<p>&nbsp;<\/p>\n","protected":false},"excerpt":{"rendered":"<p>Bei der konstituierenden Sitzung des Gemeinderates der Marktgemeinde Wies wurde ich mit 100 Prozent zur 2. Vizeb\u00fcrgermeisterin wiedergew\u00e4hlt. Ich bedanke mich sehr herzlich bei allen im Gemeinderat vertretenen Fraktionen f\u00fcr das Vertrauen und freue mich auf eine gute Zusammenarbeit in den n\u00e4chsten 5 Jahren. Mit voller Kraft werden wir unsere bisherige Arbeit fortsetzen und uns [&hellip;]<\/p>\n","protected":false},"author":1,"featured_media":0,"comment_status":"closed","ping_status":"open","sticky":false,"template":"","format":"standard","meta":{"footnotes":""},"categories":[1],"tags":[],"class_list":["post-934","post","type-post","status-publish","format-standard","hentry","category-uncategorized"],"_links":{"self":[{"href":"https:\/\/oevp-wies.at\/index.php?rest_route=\/wp\/v2\/posts\/934","targetHints":{"allow":["GET"]}}],"collection":[{"href":"https:\/\/oevp-wies.at\/index.php?rest_route=\/wp\/v2\/posts"}],"about":[{"href":"https:\/\/oevp-wies.at\/index.php?rest_route=\/wp\/v2\/types\/post"}],"author":[{"embeddable":true,"href":"https:\/\/oevp-wies.at\/index.php?rest_route=\/wp\/v2\/users\/1"}],"replies":[{"embeddable":true,"href":"https:\/\/oevp-wies.at\/index.php?rest_route=%2Fwp%2Fv2%2Fcomments&post=934"}],"version-history":[{"count":4,"href":"https:\/\/oevp-wies.at\/index.php?rest_route=\/wp\/v2\/posts\/934\/revisions"}],"predecessor-version":[{"id":944,"href":"https:\/\/oevp-wies.at\/index.php?rest_route=\/wp\/v2\/posts\/934\/revisions\/944"}],"wp:attachment":[{"href":"https:\/\/oevp-wies.at\/index.php?rest_route=%2Fwp%2Fv2%2Fmedia&parent=934"}],"wp:term":[{"taxonomy":"category","embeddable":true,"href":"https:\/\/oevp-wies.at\/index.php?rest_route=%2Fwp%2Fv2%2Fcategories&post=934"},{"taxonomy":"post_tag","embeddable":true,"href":"https:\/\/oevp-wies.at\/index.php?rest_route=%2Fwp%2Fv2%2Ftags&post=934"}],"curies":[{"name":"wp","href":"https:\/\/api.w.org\/{rel}","templated":true}]}}