{"id":844,"date":"2025-02-05T21:32:24","date_gmt":"2025-02-05T21:32:24","guid":{"rendered":"https:\/\/oevp-wies.at\/?p=844"},"modified":"2025-02-05T21:32:24","modified_gmt":"2025-02-05T21:32:24","slug":"ortsparteitag-2025","status":"publish","type":"post","link":"https:\/\/oevp-wies.at\/?p=844","title":{"rendered":"Ortsparteitag 2025"},"content":{"rendered":"<p><strong>\u00d6VP Wies stellt die Weichen f\u00fcr die Gemeinderatswahl<br \/>\nEinstimmiges Votum<br \/>\n<\/strong>Am 30. J\u00e4nner traf sich die \u00d6VP Wies im Alpengasthof Strutz, um die Liste der Kandidatinnen und Kandidaten, die f\u00fcr die Volkspartei bei der Gemeinderatswahl am 23. M\u00e4rz ins Rennen gehen werden, zu pr\u00e4sentieren.<br \/>\nNach ihrem Bericht und der Vorstellung des Wahlprogramms \u00fcbernahm Ortsparteiobfrau Vzbgm.<sup>in<\/sup> Theresia Koch die mit Spannung erwartete Vorstellung der Kandidatinnen und Kandidaten und brachte die Liste zur Abstimmung. Die Anwesenden stellten sich geschlossen hinter den Wahlvorschlag, sodass Spitzenkandidatin Theresia Koch und ihr Team gest\u00e4rkt durch ein einstimmiges Ergebnis in den Wahlkampf starten k\u00f6nnen. Auf der Kandidatenliste finden sich Vertreter aller Altersgruppen, Ortsteile und Berufsst\u00e4nde. Auf den Pl\u00e4tzen zwei bis zehn wird Theresia Koch unterst\u00fctzt von: Andreas Schuster, Maria Rainer, Johann Lipp, Dipl. FTH Ing. Rainer Kolar, Christina Birmily-Rosmann, Matthias Krasser, Maria Brauchart, Alexandra M\u00fcller und G\u00fcnter Frank.<br \/>\nBezirksparteiobmann LAbg. Werner Amon betonte in seinem Referat die hervorragende Leistung von Theresia Koch mit ihrem Team, gratulierte zur Einstimmigkeit und w\u00fcnschte viel Erfolg f\u00fcr die Gemeinderatswahl.<br \/>\nWas sind die Pl\u00e4ne f\u00fcr die zuk\u00fcnftige Arbeit? \u201eDie Zeit ist reif f\u00fcr Ver\u00e4nderung, f\u00fcr einen neuen politischen Stil: Wir stehen f\u00fcr eine Politik, wo sachlich diskutiert wird, ohne Andersdenkende auf pers\u00f6nlicher Ebene anzugreifen\u201c, so die Spitzenkandidatin. Erkl\u00e4rtes Ziel ist es, das Vertrauen der W\u00e4hlerinnen und W\u00e4hler zur\u00fcckzugewinnen: \u201eUnser Team umfasst eine gute Mischung aus altbew\u00e4hrten Gemeindepolitikern und Neueinsteigern. Wir sind bereit, uns den Herausforderungen zu stellen und mit Einsatz und Engagement f\u00fcr die Anliegen der Menschen in Wies zu arbeiten\u201c, betonte Koch in ihren Schlussworten.<\/p>\n<div id='gallery-1' class='gallery galleryid-844 gallery-columns-5 gallery-size-thumbnail'><dl class='gallery-item'>\n\t\t\t<dt class='gallery-icon landscape'>\n\t\t\t\t<a href='https:\/\/oevp-wies.at\/?attachment_id=845'><img loading=\"lazy\" decoding=\"async\" width=\"150\" height=\"150\" src=\"https:\/\/oevp-wies.at\/wp-content\/uploads\/2025\/02\/01-OeVP-Ortsparteitag2025-150x150.jpg\" class=\"attachment-thumbnail size-thumbnail\" alt=\"\" \/><\/a>\n\t\t\t<\/dt><\/dl><dl class='gallery-item'>\n\t\t\t<dt class='gallery-icon landscape'>\n\t\t\t\t<a href='https:\/\/oevp-wies.at\/?attachment_id=846'><img loading=\"lazy\" decoding=\"async\" width=\"150\" height=\"150\" src=\"https:\/\/oevp-wies.at\/wp-content\/uploads\/2025\/02\/02-OeVP-Ortsparteitag2025-150x150.jpg\" class=\"attachment-thumbnail size-thumbnail\" alt=\"\" \/><\/a>\n\t\t\t<\/dt><\/dl><dl class='gallery-item'>\n\t\t\t<dt class='gallery-icon landscape'>\n\t\t\t\t<a href='https:\/\/oevp-wies.at\/?attachment_id=847'><img loading=\"lazy\" decoding=\"async\" width=\"150\" height=\"150\" src=\"https:\/\/oevp-wies.at\/wp-content\/uploads\/2025\/02\/03-OeVP-Ortsparteitag2025-150x150.jpg\" class=\"attachment-thumbnail size-thumbnail\" alt=\"\" \/><\/a>\n\t\t\t<\/dt><\/dl><dl class='gallery-item'>\n\t\t\t<dt class='gallery-icon landscape'>\n\t\t\t\t<a href='https:\/\/oevp-wies.at\/?attachment_id=848'><img loading=\"lazy\" decoding=\"async\" width=\"150\" height=\"150\" src=\"https:\/\/oevp-wies.at\/wp-content\/uploads\/2025\/02\/04-OeVP-Ortsparteitag2025-150x150.jpg\" class=\"attachment-thumbnail size-thumbnail\" alt=\"\" \/><\/a>\n\t\t\t<\/dt><\/dl><dl class='gallery-item'>\n\t\t\t<dt class='gallery-icon landscape'>\n\t\t\t\t<a href='https:\/\/oevp-wies.at\/?attachment_id=849'><img loading=\"lazy\" decoding=\"async\" width=\"150\" height=\"150\" src=\"https:\/\/oevp-wies.at\/wp-content\/uploads\/2025\/02\/05-OeVP-Ortsparteitag2025-150x150.jpg\" class=\"attachment-thumbnail size-thumbnail\" alt=\"\" \/><\/a>\n\t\t\t<\/dt><\/dl><br style=\"clear: both\" \/><dl class='gallery-item'>\n\t\t\t<dt class='gallery-icon landscape'>\n\t\t\t\t<a href='https:\/\/oevp-wies.at\/?attachment_id=851'><img loading=\"lazy\" decoding=\"async\" width=\"150\" height=\"150\" src=\"https:\/\/oevp-wies.at\/wp-content\/uploads\/2025\/02\/07-OeVP-Ortsparteitag2025-150x150.jpg\" class=\"attachment-thumbnail size-thumbnail\" alt=\"\" \/><\/a>\n\t\t\t<\/dt><\/dl><dl class='gallery-item'>\n\t\t\t<dt class='gallery-icon landscape'>\n\t\t\t\t<a href='https:\/\/oevp-wies.at\/?attachment_id=852'><img loading=\"lazy\" decoding=\"async\" width=\"150\" height=\"150\" src=\"https:\/\/oevp-wies.at\/wp-content\/uploads\/2025\/02\/08-OeVP-Ortsparteitag2025-150x150.jpg\" class=\"attachment-thumbnail size-thumbnail\" alt=\"\" \/><\/a>\n\t\t\t<\/dt><\/dl><dl class='gallery-item'>\n\t\t\t<dt class='gallery-icon landscape'>\n\t\t\t\t<a href='https:\/\/oevp-wies.at\/?attachment_id=853'><img loading=\"lazy\" decoding=\"async\" width=\"150\" height=\"150\" src=\"https:\/\/oevp-wies.at\/wp-content\/uploads\/2025\/02\/09-OeVP-Ortsparteitag2025-150x150.jpg\" class=\"attachment-thumbnail size-thumbnail\" alt=\"\" \/><\/a>\n\t\t\t<\/dt><\/dl><dl class='gallery-item'>\n\t\t\t<dt class='gallery-icon landscape'>\n\t\t\t\t<a href='https:\/\/oevp-wies.at\/?attachment_id=854'><img loading=\"lazy\" decoding=\"async\" width=\"150\" height=\"150\" src=\"https:\/\/oevp-wies.at\/wp-content\/uploads\/2025\/02\/10-OeVP-Ortsparteitag2025-150x150.jpg\" class=\"attachment-thumbnail size-thumbnail\" alt=\"\" \/><\/a>\n\t\t\t<\/dt><\/dl><dl class='gallery-item'>\n\t\t\t<dt class='gallery-icon landscape'>\n\t\t\t\t<a href='https:\/\/oevp-wies.at\/?attachment_id=855'><img loading=\"lazy\" decoding=\"async\" width=\"150\" height=\"150\" src=\"https:\/\/oevp-wies.at\/wp-content\/uploads\/2025\/02\/11-OeVP-Ortsparteitag2025-150x150.jpg\" class=\"attachment-thumbnail size-thumbnail\" alt=\"\" \/><\/a>\n\t\t\t<\/dt><\/dl><br style=\"clear: both\" \/><dl class='gallery-item'>\n\t\t\t<dt class='gallery-icon landscape'>\n\t\t\t\t<a href='https:\/\/oevp-wies.at\/?attachment_id=856'><img loading=\"lazy\" decoding=\"async\" width=\"150\" height=\"150\" src=\"https:\/\/oevp-wies.at\/wp-content\/uploads\/2025\/02\/12-OeVP-Ortsparteitag2025-150x150.jpg\" class=\"attachment-thumbnail size-thumbnail\" alt=\"\" \/><\/a>\n\t\t\t<\/dt><\/dl><dl class='gallery-item'>\n\t\t\t<dt class='gallery-icon portrait'>\n\t\t\t\t<a href='https:\/\/oevp-wies.at\/?attachment_id=857'><img loading=\"lazy\" decoding=\"async\" width=\"150\" height=\"150\" src=\"https:\/\/oevp-wies.at\/wp-content\/uploads\/2025\/02\/13-OeVP-Ortsparteitag2025-150x150.jpg\" class=\"attachment-thumbnail size-thumbnail\" alt=\"\" \/><\/a>\n\t\t\t<\/dt><\/dl><dl class='gallery-item'>\n\t\t\t<dt class='gallery-icon portrait'>\n\t\t\t\t<a href='https:\/\/oevp-wies.at\/?attachment_id=858'><img loading=\"lazy\" decoding=\"async\" width=\"150\" height=\"150\" src=\"https:\/\/oevp-wies.at\/wp-content\/uploads\/2025\/02\/14-OeVP-Ortsparteitag2025-150x150.jpg\" class=\"attachment-thumbnail size-thumbnail\" alt=\"\" \/><\/a>\n\t\t\t<\/dt><\/dl><dl class='gallery-item'>\n\t\t\t<dt class='gallery-icon landscape'>\n\t\t\t\t<a href='https:\/\/oevp-wies.at\/?attachment_id=859'><img loading=\"lazy\" decoding=\"async\" width=\"150\" height=\"150\" src=\"https:\/\/oevp-wies.at\/wp-content\/uploads\/2025\/02\/15-OeVP-Ortsparteitag2025-150x150.jpg\" class=\"attachment-thumbnail size-thumbnail\" alt=\"\" \/><\/a>\n\t\t\t<\/dt><\/dl><dl class='gallery-item'>\n\t\t\t<dt class='gallery-icon landscape'>\n\t\t\t\t<a href='https:\/\/oevp-wies.at\/?attachment_id=860'><img loading=\"lazy\" decoding=\"async\" width=\"150\" height=\"150\" src=\"https:\/\/oevp-wies.at\/wp-content\/uploads\/2025\/02\/16-OeVP-Ortsparteitag2025-150x150.jpg\" class=\"attachment-thumbnail size-thumbnail\" alt=\"\" \/><\/a>\n\t\t\t<\/dt><\/dl><br style=\"clear: both\" \/>\n\t\t<\/div>\n\n","protected":false},"excerpt":{"rendered":"<p>\u00d6VP Wies stellt die Weichen f\u00fcr die Gemeinderatswahl Einstimmiges Votum Am 30. J\u00e4nner traf sich die \u00d6VP Wies im Alpengasthof Strutz, um die Liste der Kandidatinnen und Kandidaten, die f\u00fcr die Volkspartei bei der Gemeinderatswahl am 23. M\u00e4rz ins Rennen gehen werden, zu pr\u00e4sentieren. Nach ihrem Bericht und der Vorstellung des Wahlprogramms \u00fcbernahm Ortsparteiobfrau Vzbgm.in [&hellip;]<\/p>\n","protected":false},"author":1,"featured_media":0,"comment_status":"closed","ping_status":"open","sticky":false,"template":"","format":"standard","meta":{"footnotes":""},"categories":[1],"tags":[],"class_list":["post-844","post","type-post","status-publish","format-standard","hentry","category-uncategorized"],"_links":{"self":[{"href":"https:\/\/oevp-wies.at\/index.php?rest_route=\/wp\/v2\/posts\/844","targetHints":{"allow":["GET"]}}],"collection":[{"href":"https:\/\/oevp-wies.at\/index.php?rest_route=\/wp\/v2\/posts"}],"about":[{"href":"https:\/\/oevp-wies.at\/index.php?rest_route=\/wp\/v2\/types\/post"}],"author":[{"embeddable":true,"href":"https:\/\/oevp-wies.at\/index.php?rest_route=\/wp\/v2\/users\/1"}],"replies":[{"embeddable":true,"href":"https:\/\/oevp-wies.at\/index.php?rest_route=%2Fwp%2Fv2%2Fcomments&post=844"}],"version-history":[{"count":1,"href":"https:\/\/oevp-wies.at\/index.php?rest_route=\/wp\/v2\/posts\/844\/revisions"}],"predecessor-version":[{"id":861,"href":"https:\/\/oevp-wies.at\/index.php?rest_route=\/wp\/v2\/posts\/844\/revisions\/861"}],"wp:attachment":[{"href":"https:\/\/oevp-wies.at\/index.php?rest_route=%2Fwp%2Fv2%2Fmedia&parent=844"}],"wp:term":[{"taxonomy":"category","embeddable":true,"href":"https:\/\/oevp-wies.at\/index.php?rest_route=%2Fwp%2Fv2%2Fcategories&post=844"},{"taxonomy":"post_tag","embeddable":true,"href":"https:\/\/oevp-wies.at\/index.php?rest_route=%2Fwp%2Fv2%2Ftags&post=844"}],"curies":[{"name":"wp","href":"https:\/\/api.w.org\/{rel}","templated":true}]}}