{"id":310,"date":"2022-12-08T11:49:40","date_gmt":"2022-12-08T11:49:40","guid":{"rendered":"https:\/\/oevp-wies.at\/?p=310"},"modified":"2023-03-06T22:43:48","modified_gmt":"2023-03-06T22:43:48","slug":"traditioneller-adventmarkt-der-steirischen-vp-frauen-unterfresen-seit-jahrzehnten-ein-gesellschaftliches-highlight-in-wielfresen","status":"publish","type":"post","link":"https:\/\/oevp-wies.at\/?p=310","title":{"rendered":"Traditioneller Adventmarkt der Steirischen VP Frauen Unterfresen \u2013 seit Jahrzehnten ein gesellschaftliches \u201eHighlight\u201c in Wielfresen"},"content":{"rendered":"<p>Der Adventmarkt der Steirischen VP Frauen Unterfresen bietet mit seiner Tradition und seinem Ambiente den idealen Rahmen f\u00fcr die Einstimmung aufs Weihnachtsfest. So konnte hierzu Ortsleiterin Vzbgm.<sup>in<\/sup> Theresia Koch am ersten Adventsonntag wieder zahlreiche Besucher im R\u00fcsthaus Wielfresen begr\u00fc\u00dfen.<br \/>\nDie einen haben die Gelegenheit wahrgenommen im reichhaltigen Angebot an Handarbeiten, feinster Weihnachtsb\u00e4ckerei und traditioneller Handwerkskunst zu st\u00f6bern und die anderen lie\u00dfen sich das vorz\u00fcgliche Mittagessen munden.<br \/>\n\u201eErfolg ist nicht vorprogrammiert, sondern h\u00e4ngt vom Zusammenhalt und dem Einsatz aller Beteiligten ab\u201c, zieht die Ortsleiterin Bilanz und blickt stolz auf \u201eihre\u201c Mitglieder.<\/p>\n<p>Bei einem guten Gl\u00e4schen Wein oder Kaffee und Kuchen lie\u00dfen viele diesen ersten Adventsonntag in ruhiger, gem\u00fctlicher Atmosph\u00e4re bis in die fr\u00fchen Abendstunden ausklingen.<\/p>\n<div id='gallery-1' class='gallery galleryid-310 gallery-columns-4 gallery-size-thumbnail'><dl class='gallery-item'>\n\t\t\t<dt class='gallery-icon landscape'>\n\t\t\t\t<a href='https:\/\/oevp-wies.at\/?attachment_id=315'><img loading=\"lazy\" decoding=\"async\" width=\"150\" height=\"150\" src=\"https:\/\/oevp-wies.at\/wp-content\/uploads\/2022\/12\/VP-Frauen-Unterfresen-Adventmarkt4-3-150x150.jpg\" class=\"attachment-thumbnail size-thumbnail\" alt=\"\" \/><\/a>\n\t\t\t<\/dt><\/dl><dl class='gallery-item'>\n\t\t\t<dt class='gallery-icon landscape'>\n\t\t\t\t<a href='https:\/\/oevp-wies.at\/?attachment_id=314'><img loading=\"lazy\" decoding=\"async\" width=\"150\" height=\"150\" src=\"https:\/\/oevp-wies.at\/wp-content\/uploads\/2022\/12\/VP-Frauen-Unterfresen-Adventmarkt4-2-150x150.jpg\" class=\"attachment-thumbnail size-thumbnail\" alt=\"\" \/><\/a>\n\t\t\t<\/dt><\/dl><dl class='gallery-item'>\n\t\t\t<dt class='gallery-icon landscape'>\n\t\t\t\t<a href='https:\/\/oevp-wies.at\/?attachment_id=313'><img loading=\"lazy\" decoding=\"async\" width=\"150\" height=\"150\" src=\"https:\/\/oevp-wies.at\/wp-content\/uploads\/2022\/12\/VP-Frauen-Unterfresen-Adventmarkt2-2-150x150.jpg\" class=\"attachment-thumbnail size-thumbnail\" alt=\"\" \/><\/a>\n\t\t\t<\/dt><\/dl><dl class='gallery-item'>\n\t\t\t<dt class='gallery-icon portrait'>\n\t\t\t\t<a href='https:\/\/oevp-wies.at\/?attachment_id=312'><img loading=\"lazy\" decoding=\"async\" width=\"150\" height=\"150\" src=\"https:\/\/oevp-wies.at\/wp-content\/uploads\/2022\/12\/VP-Frauen-Unterfresen-Adventmarkt1-150x150.jpg\" class=\"attachment-thumbnail size-thumbnail\" alt=\"\" \/><\/a>\n\t\t\t<\/dt><\/dl><br style=\"clear: both\" \/>\n\t\t<\/div>\n\n<p><img loading=\"lazy\" decoding=\"async\" class=\"alignnone size-full wp-image-311\" src=\"https:\/\/oevp-wies.at\/wp-content\/uploads\/2022\/12\/VP-Frauen-Unterfresen-Adventmarkt.jpg\" alt=\"\" width=\"800\" height=\"600\" srcset=\"https:\/\/oevp-wies.at\/wp-content\/uploads\/2022\/12\/VP-Frauen-Unterfresen-Adventmarkt.jpg 800w, https:\/\/oevp-wies.at\/wp-content\/uploads\/2022\/12\/VP-Frauen-Unterfresen-Adventmarkt-300x225.jpg 300w, https:\/\/oevp-wies.at\/wp-content\/uploads\/2022\/12\/VP-Frauen-Unterfresen-Adventmarkt-768x576.jpg 768w, https:\/\/oevp-wies.at\/wp-content\/uploads\/2022\/12\/VP-Frauen-Unterfresen-Adventmarkt-620x465.jpg 620w\" sizes=\"auto, (max-width: 800px) 100vw, 800px\" \/><\/p>\n","protected":false},"excerpt":{"rendered":"<p>Der Adventmarkt der Steirischen VP Frauen Unterfresen bietet mit seiner Tradition und seinem Ambiente den idealen Rahmen f\u00fcr die Einstimmung aufs Weihnachtsfest. So konnte hierzu Ortsleiterin Vzbgm.in Theresia Koch am ersten Adventsonntag wieder zahlreiche Besucher im R\u00fcsthaus Wielfresen begr\u00fc\u00dfen. Die einen haben die Gelegenheit wahrgenommen im reichhaltigen Angebot an Handarbeiten, feinster Weihnachtsb\u00e4ckerei und traditioneller Handwerkskunst [&hellip;]<\/p>\n","protected":false},"author":1,"featured_media":0,"comment_status":"open","ping_status":"open","sticky":false,"template":"","format":"standard","meta":{"footnotes":""},"categories":[4],"tags":[],"class_list":["post-310","post","type-post","status-publish","format-standard","hentry","category-veranstaltungen"],"_links":{"self":[{"href":"https:\/\/oevp-wies.at\/index.php?rest_route=\/wp\/v2\/posts\/310","targetHints":{"allow":["GET"]}}],"collection":[{"href":"https:\/\/oevp-wies.at\/index.php?rest_route=\/wp\/v2\/posts"}],"about":[{"href":"https:\/\/oevp-wies.at\/index.php?rest_route=\/wp\/v2\/types\/post"}],"author":[{"embeddable":true,"href":"https:\/\/oevp-wies.at\/index.php?rest_route=\/wp\/v2\/users\/1"}],"replies":[{"embeddable":true,"href":"https:\/\/oevp-wies.at\/index.php?rest_route=%2Fwp%2Fv2%2Fcomments&post=310"}],"version-history":[{"count":1,"href":"https:\/\/oevp-wies.at\/index.php?rest_route=\/wp\/v2\/posts\/310\/revisions"}],"predecessor-version":[{"id":316,"href":"https:\/\/oevp-wies.at\/index.php?rest_route=\/wp\/v2\/posts\/310\/revisions\/316"}],"wp:attachment":[{"href":"https:\/\/oevp-wies.at\/index.php?rest_route=%2Fwp%2Fv2%2Fmedia&parent=310"}],"wp:term":[{"taxonomy":"category","embeddable":true,"href":"https:\/\/oevp-wies.at\/index.php?rest_route=%2Fwp%2Fv2%2Fcategories&post=310"},{"taxonomy":"post_tag","embeddable":true,"href":"https:\/\/oevp-wies.at\/index.php?rest_route=%2Fwp%2Fv2%2Ftags&post=310"}],"curies":[{"name":"wp","href":"https:\/\/api.w.org\/{rel}","templated":true}]}}