{"id":241,"date":"2022-05-26T20:32:48","date_gmt":"2022-05-26T20:32:48","guid":{"rendered":"https:\/\/oevp-wies.at\/?p=241"},"modified":"2022-05-26T20:32:48","modified_gmt":"2022-05-26T20:32:48","slug":"ehrentag-fuer-alle-muetter-muttertagsfeier-und-ortsfrauentag-der-vp-frauen-unterfresen","status":"publish","type":"post","link":"https:\/\/oevp-wies.at\/?p=241","title":{"rendered":"\u201eEhrentag f\u00fcr alle M\u00fctter\u201c \u2013 Muttertagsfeier und Ortsfrauentag der VP Frauen Unterfresen"},"content":{"rendered":"<p>Einer langj\u00e4hrigen Tradition folgend laden die Steirischen VP Frauen Unterfresen ihre Mitglieder vor dem Muttertag zum Ortsfrauentag und einer anschlie\u00dfenden Muttertagsfeier ins R\u00fcsthaus Wielfresen ein.<br \/>\nIn den letzten zwei Jahren ist diese Veranstaltung leider der Corona-Pandemie zum Opfer gefallen. Umso erfreulicher war es f\u00fcr Ortsleiterin Vizeb\u00fcrgermeisterin <strong>Theresia Koch, <\/strong>dass sie diesmal fast alle \u201eihrer\u201c Frauen willkommen hei\u00dfen konnte. Auch die Bezirksleiterin der VP Frauen Hermelinde Sauer, die Ortsleiterin Maria Rainer mit Vorstandsmitglied Regina Friessnegg aus Wies, die Ortsleiterin-Stellvertreterin Anne Michelitsch mit Vorstandsmitglied Marie-Luise Freidl von der Ortsgruppe St. Katharina in der Wiel, Vorstandsmitglied Sophie Strohmeier von der Ortsgruppe Wernersdorf und die Ehrenobfrau der VP Frauen Unterfresen Brigitte Koch sind der Einladung gefolgt.<br \/>\nNach der Gedenkminute f\u00fcr die verstorbenen Mitglieder folgte der T\u00e4tigkeitsbericht der Ortsleiterin, der sich dadurch, dass aufgrund der gesetzlichen Bestimmungen durch COVID-19 keine Veranstaltungen abgehalten werden konnten, nur auf die Wanderungen, die unternommen wurden, bezog.<br \/>\nBezirksleiterin Hermelinde Sauer betonte in ihren Gru\u00dfworten die wertvolle Arbeit der Frauen f\u00fcr die Gesellschaft.<br \/>\nEin lieber Dank geb\u00fchrt Brigitte Koch, die zwischendurch mit ihren \u201eTexten\u201c f\u00fcr Auflockerung sorgte.<br \/>\n\u201eIch m\u00f6chte mich bei jeder Einzelnen von euch f\u00fcr die Mitarbeit, f\u00fcr das gedeihliche Miteinander, f\u00fcr das Vertrauen, f\u00fcr den Einsatz, f\u00fcr die eingebrachten Ideen und Ratschl\u00e4ge und nicht zuletzt f\u00fcr die damit verbundene Zeit bedanken\u201c, betonte Koch in ihrem Schlusswort.<br \/>\nAus Anlass des bevorstehenden Muttertages wurde jeder Dame ein Blumenstock \u00fcberreicht.<br \/>\nMit einem guten Essen und einem Glaserl Wein lie\u00df man diesen gem\u00fctlichen Nachmittag ausklingen. Alle haben es genossen, dass man sich endlich wieder auf ein \u201ePlauscherl\u201c treffen konnte.<\/p>\n<div id='gallery-1' class='gallery galleryid-241 gallery-columns-3 gallery-size-thumbnail'><dl class='gallery-item'>\n\t\t\t<dt class='gallery-icon landscape'>\n\t\t\t\t<a href='https:\/\/oevp-wies.at\/?attachment_id=242'><img loading=\"lazy\" decoding=\"async\" width=\"150\" height=\"150\" src=\"https:\/\/oevp-wies.at\/wp-content\/uploads\/2022\/05\/6a076e14-d131-48fc-80c7-447dc8a26919-150x150.jpg\" class=\"attachment-thumbnail size-thumbnail\" alt=\"\" \/><\/a>\n\t\t\t<\/dt><\/dl><dl class='gallery-item'>\n\t\t\t<dt class='gallery-icon landscape'>\n\t\t\t\t<a href='https:\/\/oevp-wies.at\/?attachment_id=243'><img loading=\"lazy\" decoding=\"async\" width=\"150\" height=\"150\" src=\"https:\/\/oevp-wies.at\/wp-content\/uploads\/2022\/05\/636bd120-2960-4abf-85d2-bd83b8112d40-150x150.jpg\" class=\"attachment-thumbnail size-thumbnail\" alt=\"\" \/><\/a>\n\t\t\t<\/dt><\/dl><dl class='gallery-item'>\n\t\t\t<dt class='gallery-icon landscape'>\n\t\t\t\t<a href='https:\/\/oevp-wies.at\/?attachment_id=244'><img loading=\"lazy\" decoding=\"async\" width=\"150\" height=\"150\" src=\"https:\/\/oevp-wies.at\/wp-content\/uploads\/2022\/05\/0323370b-eb1f-421a-a208-e5eadf706c82-150x150.jpg\" class=\"attachment-thumbnail size-thumbnail\" alt=\"\" \/><\/a>\n\t\t\t<\/dt><\/dl><br style=\"clear: both\" \/><dl class='gallery-item'>\n\t\t\t<dt class='gallery-icon landscape'>\n\t\t\t\t<a href='https:\/\/oevp-wies.at\/?attachment_id=245'><img loading=\"lazy\" decoding=\"async\" width=\"150\" height=\"150\" src=\"https:\/\/oevp-wies.at\/wp-content\/uploads\/2022\/05\/37019953-12f7-42ed-a4ba-3c0118703c4c-150x150.jpg\" class=\"attachment-thumbnail size-thumbnail\" alt=\"\" \/><\/a>\n\t\t\t<\/dt><\/dl><dl class='gallery-item'>\n\t\t\t<dt class='gallery-icon landscape'>\n\t\t\t\t<a href='https:\/\/oevp-wies.at\/?attachment_id=246'><img loading=\"lazy\" decoding=\"async\" width=\"150\" height=\"150\" src=\"https:\/\/oevp-wies.at\/wp-content\/uploads\/2022\/05\/f59753c7-614a-44e8-b605-3b060735b6f6-150x150.jpg\" class=\"attachment-thumbnail size-thumbnail\" alt=\"\" \/><\/a>\n\t\t\t<\/dt><\/dl><dl class='gallery-item'>\n\t\t\t<dt class='gallery-icon landscape'>\n\t\t\t\t<a href='https:\/\/oevp-wies.at\/?attachment_id=247'><img loading=\"lazy\" decoding=\"async\" width=\"150\" height=\"150\" src=\"https:\/\/oevp-wies.at\/wp-content\/uploads\/2022\/05\/IMG_8188-150x150.jpg\" class=\"attachment-thumbnail size-thumbnail\" alt=\"\" \/><\/a>\n\t\t\t<\/dt><\/dl><br style=\"clear: both\" \/>\n\t\t<\/div>\n\n","protected":false},"excerpt":{"rendered":"<p>Einer langj\u00e4hrigen Tradition folgend laden die Steirischen VP Frauen Unterfresen ihre Mitglieder vor dem Muttertag zum Ortsfrauentag und einer anschlie\u00dfenden Muttertagsfeier ins R\u00fcsthaus Wielfresen ein. In den letzten zwei Jahren ist diese Veranstaltung leider der Corona-Pandemie zum Opfer gefallen. Umso erfreulicher war es f\u00fcr Ortsleiterin Vizeb\u00fcrgermeisterin Theresia Koch, dass sie diesmal fast alle \u201eihrer\u201c Frauen [&hellip;]<\/p>\n","protected":false},"author":1,"featured_media":0,"comment_status":"open","ping_status":"open","sticky":false,"template":"","format":"standard","meta":{"footnotes":""},"categories":[1],"tags":[],"class_list":["post-241","post","type-post","status-publish","format-standard","hentry","category-uncategorized"],"_links":{"self":[{"href":"https:\/\/oevp-wies.at\/index.php?rest_route=\/wp\/v2\/posts\/241","targetHints":{"allow":["GET"]}}],"collection":[{"href":"https:\/\/oevp-wies.at\/index.php?rest_route=\/wp\/v2\/posts"}],"about":[{"href":"https:\/\/oevp-wies.at\/index.php?rest_route=\/wp\/v2\/types\/post"}],"author":[{"embeddable":true,"href":"https:\/\/oevp-wies.at\/index.php?rest_route=\/wp\/v2\/users\/1"}],"replies":[{"embeddable":true,"href":"https:\/\/oevp-wies.at\/index.php?rest_route=%2Fwp%2Fv2%2Fcomments&post=241"}],"version-history":[{"count":1,"href":"https:\/\/oevp-wies.at\/index.php?rest_route=\/wp\/v2\/posts\/241\/revisions"}],"predecessor-version":[{"id":248,"href":"https:\/\/oevp-wies.at\/index.php?rest_route=\/wp\/v2\/posts\/241\/revisions\/248"}],"wp:attachment":[{"href":"https:\/\/oevp-wies.at\/index.php?rest_route=%2Fwp%2Fv2%2Fmedia&parent=241"}],"wp:term":[{"taxonomy":"category","embeddable":true,"href":"https:\/\/oevp-wies.at\/index.php?rest_route=%2Fwp%2Fv2%2Fcategories&post=241"},{"taxonomy":"post_tag","embeddable":true,"href":"https:\/\/oevp-wies.at\/index.php?rest_route=%2Fwp%2Fv2%2Ftags&post=241"}],"curies":[{"name":"wp","href":"https:\/\/api.w.org\/{rel}","templated":true}]}}